{"id":1437,"date":"2009-01-30T09:37:28","date_gmt":"2009-01-30T07:37:28","guid":{"rendered":"http:\/\/kehila-olomouc.cz\/rs\/?p=1437"},"modified":"2016-10-20T14:14:17","modified_gmt":"2016-10-20T12:14:17","slug":"chystaji-se-dny-zidovske-kultury-olomouc-2009","status":"publish","type":"post","link":"https:\/\/kehila-olomouc.cz\/rs\/1437\/chystaji-se-dny-zidovske-kultury-olomouc-2009\/","title":{"rendered":"Dny \u017eidovsk\u00e9 kultury Olomouc 2009"},"content":{"rendered":"<p><a href=\"http:\/\/kehila-olomouc.cz\/rs\/wp-content\/uploads\/okno.png\"><img loading=\"lazy\" decoding=\"async\" class=\"alignleft size-thumbnail wp-image-1438\" title=\"okno\" src=\"http:\/\/kehila-olomouc.cz\/rs\/wp-content\/uploads\/okno-118x150.png\" alt=\"\" width=\"94\" height=\"150\" \/><\/a><\/p>\n<p>Dny \u017eidovsk\u00e9 kultury Olomouc 2009 (20. &#8211; 25. \u0159\u00edjna 2009) cht\u011bj\u00ed dal\u0161\u00edm ro\u010dn\u00edkem p\u0159ipomenout v\u00fdznam \u017eidovsk\u00e9 komunity v\u00a0na\u0161em regionu. Projekt b\u011bhem \u0161esti dn\u016f nab\u00eddne v\u00edce ne\u017e 20 akc\u00ed, zejm\u00e9na v\u00fdstavu, cyklus p\u0159edn\u00e1\u0161ek, besedy pro \u0161koly, \u0159adu koncert\u016f a divadeln\u00edch p\u0159edstaven\u00ed vych\u00e1zej\u00edc\u00edch ze\u00a0\u017eidovsk\u00e9 tradice.<\/p>\n<p>T\u00e9matem leto\u0161n\u00edho ro\u010dn\u00edku jsou osudy st\u0159edomoravsk\u00fdch synagog (Hole\u0161ov, Krom\u011b\u0159\u00ed\u017e, Olomouc), s\u00a0d\u016frazem na p\u0159ipom\u00ednku 70. v\u00fdro\u010d\u00ed zni\u010den\u00ed olomouck\u00e9 synagogy v\u00a0b\u0159eznu 1939.\u00a0 S\u00a0t\u011bmito a dal\u0161\u00edmi synagogami je spojena osobnost architekta Jakoba Gartnera, jeho\u017e d\u00edlu, bude v\u011bnov\u00e1n cyklus p\u0159edn\u00e1\u0161ek. Po\u010d\u00edt\u00e1 se rovn\u011b\u017e s\u00a0v\u00fdstavou unik\u00e1tn\u00edch dokument\u00e1rn\u00edch materi\u00e1l\u016f a sv\u011bdectv\u00ed osv\u011btluj\u00edc\u00edch neblah\u00e9 okolnosti zni\u010den\u00ed uveden\u00fdch synagog.<\/p>\n<p>Po lo\u0148sk\u00e9 zku\u0161enosti hodlaj\u00ed organiz\u00e1to\u0159i zopakovat dopoledn\u00ed besedy pro z\u00e1kladn\u00ed a st\u0159edn\u00ed \u0161koly s\u00a0pam\u011btn\u00edky holocaustu &#8211; besedy nav\u00e1\u017e\u00ed na \u00fasp\u011b\u0161n\u00fd lo\u0148sk\u00fd cyklus p\u0159edn\u00e1\u0161ek a besed, kter\u00e9 s \u017e\u00e1ky a studenty z\u00e1kladn\u00edch a st\u0159edn\u00edch \u0161kol Olomoucka vedl ing. Milo\u0161 Dobr\u00fd, v\u011bze\u0148 n\u011bkolika nacistick\u00fdch koncentra\u010dn\u00edch t\u00e1bor\u016f. Z\u00a0druh\u00e9 strany p\u0159isp\u011bj\u00ed \u017e\u00e1ci a studenti prezentac\u00ed v\u00fdsledk\u016f projektu \u017didovsk\u00e9ho muzea v\u00a0Praze Zmizel\u00ed soused\u00e9.<\/p>\n<p>Leto\u0161n\u00ed ro\u010dn\u00edk bude m\u00edt i sv\u016fj bohat\u00fd um\u011bleck\u00fd program, kter\u00fd je v\u00a0jedn\u00e1n\u00ed.<\/p>\n<p>Akce Dn\u016f \u017eidovsk\u00e9 kultury Olomouc 2009 se budou odehr\u00e1vat v Divadle hudby, v\u00a0Besedn\u00edm s\u00e1le Muzea modern\u00edho um\u011bn\u00ed, v\u00a0s\u00e1le Mozarteum Arcidiec\u00e9zn\u00edho muzea, v\u00a0jedn\u00e1n\u00ed je spolupr\u00e1ce s\u00a0Moravsk\u00fdm divadlem.<\/p>\n<p>Festival po\u0159\u00e1d\u00e1 jako hlavn\u00ed organiz\u00e1tor Divadlo hudby Olomouc, partnersk\u00fdmi institucemi jsou Muzeum um\u011bn\u00ed Olomouc, \u017didovsk\u00e1 obec Olomouc, Centrum judaistick\u00fdch studi\u00ed Kurta a Ursuly Schubertov\u00fdch Filozofick\u00e9 fakulty Univerzity Palack\u00e9ho Olomouc.<\/p>\n","protected":false},"excerpt":{"rendered":"<div style=\\\"text-align:justify;\\\">\nDny \u017eidovsk\u00e9 kultury Olomouc 2009 (20. &#8211; 25. \u0159\u00edjna 2009) cht\u011bj\u00ed dal\u0161\u00edm ro\u010dn\u00edkem p\u0159ipomenout v\u00fdznam \u017eidovsk\u00e9 komunity v\u00a0na\u0161em regionu. Projekt b\u011bhem \u0161esti dn\u016f nab\u00eddne v\u00edce ne\u017e 20 akc\u00ed, zejm\u00e9na v\u00fdstavu, cyklus p\u0159edn\u00e1\u0161ek, besedy pro \u0161koly, \u0159adu koncert\u016f a divadeln\u00edch p\u0159edstaven\u00ed vych\u00e1zej\u00edc\u00edch ze\u00a0\u017eidovsk\u00e9 tradice.<br \/>\nT\u00e9matem leto\u0161n\u00edho ro\u010dn\u00edku jsou osudy st\u0159edomoravsk\u00fdch synagog (Hole\u0161ov, Krom\u011b\u0159\u00ed\u017e, Olomouc), s\u00a0d\u016frazem na p\u0159ipom\u00ednku 70. v\u00fdro\u010d\u00ed zni\u010den\u00ed olomouck\u00e9 synagogy v\u00a0b\u0159eznu 1939.\u00a0 S\u00a0t\u011bmito a dal\u0161\u00edmi synagogami je spojena osobnost architekta Jakoba Gartnera, jeho\u017e d\u00edlu, bude v\u011bnov\u00e1n cyklus p\u0159edn\u00e1\u0161ek. Po\u010d\u00edt\u00e1 se rovn\u011b\u017e s\u00a0v\u00fdstavou unik\u00e1tn\u00edch dokument\u00e1rn\u00edch materi\u00e1l\u016f a sv\u011bdectv\u00ed osv\u011btluj\u00edc\u00edch neblah\u00e9 okolnosti &#8230;<\/div>\n","protected":false},"author":3,"featured_media":0,"comment_status":"open","ping_status":"open","sticky":false,"template":"","format":"standard","meta":{"ngg_post_thumbnail":0,"footnotes":""},"categories":[1,4,3],"tags":[69,67,68,31,51,41,42,71,70],"class_list":["post-1437","post","type-post","status-publish","format-standard","hentry","category-nezarazene","category-featured","category-headline","tag-gartner","tag-holesov","tag-kromeriz","tag-kultura","tag-olomouc","tag-synagoga","tag-univerzita","tag-vystava","tag-zmizeli-sousede"],"_links":{"self":[{"href":"https:\/\/kehila-olomouc.cz\/rs\/wp-json\/wp\/v2\/posts\/1437"}],"collection":[{"href":"https:\/\/kehila-olomouc.cz\/rs\/wp-json\/wp\/v2\/posts"}],"about":[{"href":"https:\/\/kehila-olomouc.cz\/rs\/wp-json\/wp\/v2\/types\/post"}],"author":[{"embeddable":true,"href":"https:\/\/kehila-olomouc.cz\/rs\/wp-json\/wp\/v2\/users\/3"}],"replies":[{"embeddable":true,"href":"https:\/\/kehila-olomouc.cz\/rs\/wp-json\/wp\/v2\/comments?post=1437"}],"version-history":[{"count":18,"href":"https:\/\/kehila-olomouc.cz\/rs\/wp-json\/wp\/v2\/posts\/1437\/revisions"}],"predecessor-version":[{"id":1444,"href":"https:\/\/kehila-olomouc.cz\/rs\/wp-json\/wp\/v2\/posts\/1437\/revisions\/1444"}],"wp:attachment":[{"href":"https:\/\/kehila-olomouc.cz\/rs\/wp-json\/wp\/v2\/media?parent=1437"}],"wp:term":[{"taxonomy":"category","embeddable":true,"href":"https:\/\/kehila-olomouc.cz\/rs\/wp-json\/wp\/v2\/categories?post=1437"},{"taxonomy":"post_tag","embeddable":true,"href":"https:\/\/kehila-olomouc.cz\/rs\/wp-json\/wp\/v2\/tags?post=1437"}],"curies":[{"name":"wp","href":"https:\/\/api.w.org\/{rel}","templated":true}]}}