{"id":1336,"date":"2008-12-30T15:09:43","date_gmt":"2008-12-30T13:09:43","guid":{"rendered":"http:\/\/kehila-olomouc.cz\/rs\/?p=1336"},"modified":"2016-10-20T14:14:17","modified_gmt":"2016-10-20T12:14:17","slug":"maces","status":"publish","type":"post","link":"https:\/\/kehila-olomouc.cz\/rs\/1336\/maces\/","title":{"rendered":"Maces"},"content":{"rendered":"<p><a href=\"http:\/\/kehila-olomouc.cz\/rs\/wp-content\/uploads\/maces.jpg\"><img loading=\"lazy\" decoding=\"async\" class=\"alignleft size-medium wp-image-1338\" title=\"maces\" src=\"http:\/\/kehila-olomouc.cz\/rs\/wp-content\/uploads\/maces.jpg\" alt=\"\" width=\"200\" height=\"194\" \/><\/a>Maces je nekynut\u00fd chleba, jeho\u017e p\u0159\u00edprava je spojen\u00e1 s\u00a0upom\u00ednkou na exodus \u017did\u016f z\u00a0Egypta. Tuto ud\u00e1lost si p\u0159ipom\u00edn\u00e1me p\u0159i sv\u00e1tku Pesach, kdy v\u00a0j\u00eddle nesm\u00ed b\u00fdt pod\u00e1v\u00e1no nic kynut\u00e9ho ani kva\u0161en\u00e9ho. Pod\u00e1v\u00e1 se p\u0159i sederov\u00e9 ve\u010de\u0159i. Aby chl\u00e9b nenakynul, mus\u00ed se t\u011bsto p\u00e9ct rychle po zad\u011bl\u00e1n\u00ed, podle tradice nejd\u00e9le do 18 minut. Mimo sv\u00e1tek Pesach p\u0159ipo\u00edn\u00e1 maces t\u011b\u017ek\u00fd \u017eivot \u017did\u016f v\u00a0Egypt\u011b. P\u0159ipravuje se z mouky a vody. V obdob\u00ed sv\u00e1tku Pesah mus\u00ed b\u00fdt pou\u017eita mouka vyroben\u00e1 ze zrn, kter\u00e1 nesm\u00ed p\u0159ij\u00edt do styku s vlhkost\u00ed, nav\u00edc t\u011bsto mus\u00ed b\u00fdt p\u0159ipravov\u00e1no pouze z vody a specieln\u011b hl\u00eddan\u00e9 p\u0161eni\u010dn\u00e9 mouky. T\u011bsto se ihned zpracov\u00e1v\u00e1 na tenk\u00e9 pl\u00e1ty, tak aby nedo\u0161lo k\u00a0necht\u011bn\u00e9mu kva\u0161en\u00ed, a pe\u010de se z\u00a0obou stran. P\u0159ipravuje se pod dohledem rab\u00edna. P\u016fvodn\u011b byl maces kulat\u00fd, od roku 1875 m\u00e1 hranat\u00fd tvar, k\u00a0\u010demu\u017e p\u0159isp\u011bla strojov\u00e1 v\u00fdroba maces\u016f v\u00a0Anglii. Maces m\u016f\u017ee b\u00fdt i rozemlet\u00fd jako macesov\u00e1 mouka. Z\u00a0n\u00ed se d\u011blaj\u00ed zn\u00e1m\u00e9 knedl\u00ed\u010dky do pol\u00e9vky.<\/p>\n","protected":false},"excerpt":{"rendered":"<div style=\\\"text-align:justify;\\\">Maces je nekynut\u00fd chleba, jeho\u017e p\u0159\u00edprava je spojen\u00e1 s\u00a0upom\u00ednkou na exodus \u017did\u016f z\u00a0Egypta. Tuto ud\u00e1lost si p\u0159ipom\u00edn\u00e1me p\u0159i sv\u00e1tku Pesach, kdy v\u00a0j\u00eddle nesm\u00ed b\u00fdt pod\u00e1v\u00e1no nic kynut\u00e9ho ani kva\u0161en\u00e9ho. Pod\u00e1v\u00e1 se p\u0159i sederov\u00e9 ve\u010de\u0159i. Aby chl\u00e9b nenakynul, mus\u00ed se t\u011bsto p\u00e9ct rychle po zad\u011bl\u00e1n\u00ed, podle tradice nejd\u00e9le do 18 minut. Mimo sv\u00e1tek Pesach p\u0159ipo\u00edn\u00e1 maces t\u011b\u017ek\u00fd \u017eivot \u017did\u016f v\u00a0Egypt\u011b. P\u0159ipravuje se z mouky a vody. V obdob\u00ed sv\u00e1tku Pesah mus\u00ed b\u00fdt pou\u017eita mouka vyroben\u00e1 ze zrn, kter\u00e1 nesm\u00ed p\u0159ij\u00edt do styku s vlhkost\u00ed, nav\u00edc t\u011bsto mus\u00ed b\u00fdt p\u0159ipravov\u00e1no pouze z &#8230;<\/div>\n","protected":false},"author":3,"featured_media":0,"comment_status":"open","ping_status":"open","sticky":false,"template":"","format":"standard","meta":{"ngg_post_thumbnail":0,"footnotes":""},"categories":[9,1],"tags":[50,48,49],"class_list":["post-1336","post","type-post","status-publish","format-standard","hentry","category-rubrika-5","category-nezarazene","tag-exodus","tag-maces","tag-pesach"],"_links":{"self":[{"href":"https:\/\/kehila-olomouc.cz\/rs\/wp-json\/wp\/v2\/posts\/1336"}],"collection":[{"href":"https:\/\/kehila-olomouc.cz\/rs\/wp-json\/wp\/v2\/posts"}],"about":[{"href":"https:\/\/kehila-olomouc.cz\/rs\/wp-json\/wp\/v2\/types\/post"}],"author":[{"embeddable":true,"href":"https:\/\/kehila-olomouc.cz\/rs\/wp-json\/wp\/v2\/users\/3"}],"replies":[{"embeddable":true,"href":"https:\/\/kehila-olomouc.cz\/rs\/wp-json\/wp\/v2\/comments?post=1336"}],"version-history":[{"count":10,"href":"https:\/\/kehila-olomouc.cz\/rs\/wp-json\/wp\/v2\/posts\/1336\/revisions"}],"predecessor-version":[{"id":4882,"href":"https:\/\/kehila-olomouc.cz\/rs\/wp-json\/wp\/v2\/posts\/1336\/revisions\/4882"}],"wp:attachment":[{"href":"https:\/\/kehila-olomouc.cz\/rs\/wp-json\/wp\/v2\/media?parent=1336"}],"wp:term":[{"taxonomy":"category","embeddable":true,"href":"https:\/\/kehila-olomouc.cz\/rs\/wp-json\/wp\/v2\/categories?post=1336"},{"taxonomy":"post_tag","embeddable":true,"href":"https:\/\/kehila-olomouc.cz\/rs\/wp-json\/wp\/v2\/tags?post=1336"}],"curies":[{"name":"wp","href":"https:\/\/api.w.org\/{rel}","templated":true}]}}