{"id":1159,"date":"2008-12-23T11:41:32","date_gmt":"2008-12-23T09:41:32","guid":{"rendered":"http:\/\/kehila-olomouc.cz\/rs\/?p=1159"},"modified":"2016-10-20T14:14:35","modified_gmt":"2016-10-20T12:14:35","slug":"judaismus","status":"publish","type":"post","link":"https:\/\/kehila-olomouc.cz\/rs\/1159\/judaismus\/","title":{"rendered":"Judaismus"},"content":{"rendered":"<p style=\"text-align: justify;\">Judaismus je term\u00edn, kter\u00fd ozna\u010duje (zhruba od 19. stolet\u00ed) n\u00e1bo\u017eenstv\u00ed \u017eidovsk\u00e9ho n\u00e1roda &#8211; Izraele. Do t\u00e9 doby se v k\u0159es\u0165ansk\u00e9m prost\u0159ed\u00ed pou\u017e\u00edvaly pro v\u00edru \u017did\u016f obraty jako \u201eizraelitsk\u00e1 v\u00edra\u201c (Israelitischglauben), \u201e\u017eidovsk\u00e1 v\u00edra\u201c (J\u00fcdischglauben) nebo \u201eMoj\u017e\u00ed\u0161sk\u00e1 v\u00edra\u201c. \u017did\u00e9 sami sv\u00e9 n\u00e1bo\u017eenstv\u00ed ozna\u010dovali a ozna\u010duj\u00ed jako emuna (v\u00edra) nebo dat (n\u00e1bo\u017eenstv\u00ed). Modern\u00ed term\u00edn jahadut (\u017eidovstv\u00ed) se vztahuje sp\u00ed\u0161e na kulturn\u011b-n\u00e1rodnostn\u011b-n\u00e1bo\u017eensk\u00fd celek (odvozen z n\u011bmeck\u00e9ho Judentum). V t\u00e9to souvislosti je t\u0159eba rozli\u0161it mezi judaismem jako n\u00e1bo\u017eenstv\u00edm, a \u017eidovstv\u00edm jako kulturn\u011b-n\u00e1bo\u017eensko-nacion\u00e1ln\u00edm souborem, zahrnuj\u00edc\u00edm historii, jazyk (hebrej\u0161tina), zemi (st\u00e1tn\u00ed \u00fatvar), liturgii, filozofii, um\u011bn\u00ed, soubor etick\u00fdch z\u00e1sad, n\u00e1bo\u017eensk\u00fdch praktik, a podobn\u011b. Teologie judaismu slou\u017e\u00ed jako z\u00e1klad mnoha jin\u00fdch n\u00e1bo\u017eenstv\u00ed v\u010detn\u011b dvou nejroz\u0161\u00ed\u0159en\u011bj\u0161\u00edch, k\u0159es\u0165anstv\u00ed a isl\u00e1mu.<\/p>\n<p>Dal\u0161\u00ed rozveden\u00ed t\u00e9matu: <a href=\"http:\/\/cs.wikipedia.org\/wiki\/Judaismus\" target=\"_blank\">Judaismus<\/a><\/p>\n<p>Zdroj: Wikipedie<\/p>\n","protected":false},"excerpt":{"rendered":"<div style=\\\"text-align:justify;\\\">Judaismus je term\u00edn, kter\u00fd ozna\u010duje (zhruba od 19. stolet\u00ed) n\u00e1bo\u017eenstv\u00ed \u017eidovsk\u00e9ho n\u00e1roda &#8211; Izraele. Do t\u00e9 doby se v k\u0159es\u0165ansk\u00e9m prost\u0159ed\u00ed pou\u017e\u00edvaly pro v\u00edru \u017did\u016f obraty jako \u201eizraelitsk\u00e1 v\u00edra\u201c (Israelitischglauben), \u201e\u017eidovsk\u00e1 v\u00edra\u201c (J\u00fcdischglauben) nebo \u201eMoj\u017e\u00ed\u0161sk\u00e1 v\u00edra\u201c. \u017did\u00e9 sami sv\u00e9 n\u00e1bo\u017eenstv\u00ed ozna\u010dovali a ozna\u010duj\u00ed jako emuna (v\u00edra) nebo dat (n\u00e1bo\u017eenstv\u00ed). Modern\u00ed term\u00edn jahadut (\u017eidovstv\u00ed) se vztahuje sp\u00ed\u0161e na kulturn\u011b-n\u00e1rodnostn\u011b-n\u00e1bo\u017eensk\u00fd celek (odvozen z n\u011bmeck\u00e9ho Judentum). V t\u00e9to souvislosti je t\u0159eba rozli\u0161it mezi judaismem jako n\u00e1bo\u017eenstv\u00edm, a \u017eidovstv\u00edm jako kulturn\u011b-n\u00e1bo\u017eensko-nacion\u00e1ln\u00edm souborem, zahrnuj\u00edc\u00edm historii, jazyk (hebrej\u0161tina), zemi (st\u00e1tn\u00ed \u00fatvar), liturgii, filozofii, um\u011bn\u00ed, soubor etick\u00fdch &#8230;<\/div>\n","protected":false},"author":3,"featured_media":0,"comment_status":"open","ping_status":"open","sticky":false,"template":"","format":"standard","meta":{"ngg_post_thumbnail":0,"footnotes":""},"categories":[8],"tags":[],"class_list":["post-1159","post","type-post","status-publish","format-standard","hentry","category-rubrika-4"],"_links":{"self":[{"href":"https:\/\/kehila-olomouc.cz\/rs\/wp-json\/wp\/v2\/posts\/1159"}],"collection":[{"href":"https:\/\/kehila-olomouc.cz\/rs\/wp-json\/wp\/v2\/posts"}],"about":[{"href":"https:\/\/kehila-olomouc.cz\/rs\/wp-json\/wp\/v2\/types\/post"}],"author":[{"embeddable":true,"href":"https:\/\/kehila-olomouc.cz\/rs\/wp-json\/wp\/v2\/users\/3"}],"replies":[{"embeddable":true,"href":"https:\/\/kehila-olomouc.cz\/rs\/wp-json\/wp\/v2\/comments?post=1159"}],"version-history":[{"count":7,"href":"https:\/\/kehila-olomouc.cz\/rs\/wp-json\/wp\/v2\/posts\/1159\/revisions"}],"predecessor-version":[{"id":8653,"href":"https:\/\/kehila-olomouc.cz\/rs\/wp-json\/wp\/v2\/posts\/1159\/revisions\/8653"}],"wp:attachment":[{"href":"https:\/\/kehila-olomouc.cz\/rs\/wp-json\/wp\/v2\/media?parent=1159"}],"wp:term":[{"taxonomy":"category","embeddable":true,"href":"https:\/\/kehila-olomouc.cz\/rs\/wp-json\/wp\/v2\/categories?post=1159"},{"taxonomy":"post_tag","embeddable":true,"href":"https:\/\/kehila-olomouc.cz\/rs\/wp-json\/wp\/v2\/tags?post=1159"}],"curies":[{"name":"wp","href":"https:\/\/api.w.org\/{rel}","templated":true}]}}